{"id":2572,"date":"2026-03-12T15:25:55","date_gmt":"2026-03-12T14:25:55","guid":{"rendered":"https:\/\/www.stadtteilverein.de\/?p=2572"},"modified":"2026-03-12T15:30:19","modified_gmt":"2026-03-12T14:30:19","slug":"ostergruss","status":"publish","type":"post","link":"https:\/\/www.stadtteilverein.de\/index.php\/2026\/03\/12\/ostergruss\/","title":{"rendered":"Ostergru\u00df"},"content":{"rendered":"<div class=\"wpb-content-wrapper\"><p>[vc_row][vc_column]<div id=\"ultimate-heading-784869ef67af2866d\" class=\"uvc-heading ult-adjust-bottom-margin ultimate-heading-784869ef67af2866d uvc-9436 \" data-hspacer=\"no_spacer\"  data-halign=\"center\" style=\"text-align:center\"><div class=\"uvc-heading-spacer no_spacer\" style=\"top\"><\/div><div class=\"uvc-main-heading ult-responsive\"  data-ultimate-target='.uvc-heading.ultimate-heading-784869ef67af2866d h2'  data-responsive-json-new='{\"font-size\":\"desktop:46px;\",\"line-height\":\"desktop:48px;\"}' ><h2 style=\"font-style:italic;font-weight:bold;color:#81D742;margin-top:25px;margin-bottom:25px;\">Der Stadtteilverein und die Redaktion des Bleelumbe-Blatts w\u00fcnschen sch\u00f6ne, sonnige Fr\u00fchlingstage und ein frohes Osterfest!<\/h2><\/div><\/div>[\/vc_column][\/vc_row][vc_row css=&#8220;.vc_custom_1773325734516{margin-top: 30px !important;}&#8220;][vc_column][vc_media_grid element_width=&#8220;3&#8243; css=&#8220;&#8220; grid_id=&#8220;vc_gid:1773325723599-4221379e-4ebb-10&#8243; include=&#8220;2577,2578,2579,2580&#8243;][\/vc_column][\/vc_row]<\/p>\n<\/div>","protected":false},"excerpt":{"rendered":"<p>[vc_row][vc_column][\/vc_column][\/vc_row][vc_row css=&#8220;.vc_custom_1773325734516{margin-top: 30px !important;}&#8220;][vc_column][vc_media_grid element_width=&#8220;3&#8243; css=&#8220;&#8220; grid_id=&#8220;vc_gid:1773325723599-4221379e-4ebb-10&#8243; include=&#8220;2577,2578,2579,2580&#8243;][\/vc_column][\/vc_row]<\/p>\n","protected":false},"author":1,"featured_media":2573,"comment_status":"closed","ping_status":"closed","sticky":false,"template":"","format":"standard","meta":{"footnotes":""},"categories":[51],"tags":[],"class_list":["post-2572","post","type-post","status-publish","format-standard","has-post-thumbnail","hentry","category-news","category-51","description-off"],"publishpress_future_action":{"enabled":false,"date":"2026-05-04 15:42:07","action":"change-status","newStatus":"draft","terms":[],"taxonomy":"category","extraData":[]},"publishpress_future_workflow_manual_trigger":{"enabledWorkflows":[]},"_links":{"self":[{"href":"https:\/\/www.stadtteilverein.de\/index.php\/wp-json\/wp\/v2\/posts\/2572","targetHints":{"allow":["GET"]}}],"collection":[{"href":"https:\/\/www.stadtteilverein.de\/index.php\/wp-json\/wp\/v2\/posts"}],"about":[{"href":"https:\/\/www.stadtteilverein.de\/index.php\/wp-json\/wp\/v2\/types\/post"}],"author":[{"embeddable":true,"href":"https:\/\/www.stadtteilverein.de\/index.php\/wp-json\/wp\/v2\/users\/1"}],"replies":[{"embeddable":true,"href":"https:\/\/www.stadtteilverein.de\/index.php\/wp-json\/wp\/v2\/comments?post=2572"}],"version-history":[{"count":5,"href":"https:\/\/www.stadtteilverein.de\/index.php\/wp-json\/wp\/v2\/posts\/2572\/revisions"}],"predecessor-version":[{"id":2582,"href":"https:\/\/www.stadtteilverein.de\/index.php\/wp-json\/wp\/v2\/posts\/2572\/revisions\/2582"}],"wp:featuredmedia":[{"embeddable":true,"href":"https:\/\/www.stadtteilverein.de\/index.php\/wp-json\/wp\/v2\/media\/2573"}],"wp:attachment":[{"href":"https:\/\/www.stadtteilverein.de\/index.php\/wp-json\/wp\/v2\/media?parent=2572"}],"wp:term":[{"taxonomy":"category","embeddable":true,"href":"https:\/\/www.stadtteilverein.de\/index.php\/wp-json\/wp\/v2\/categories?post=2572"},{"taxonomy":"post_tag","embeddable":true,"href":"https:\/\/www.stadtteilverein.de\/index.php\/wp-json\/wp\/v2\/tags?post=2572"}],"curies":[{"name":"wp","href":"https:\/\/api.w.org\/{rel}","templated":true}]}}