{"id":2554,"date":"2026-03-12T14:57:52","date_gmt":"2026-03-12T13:57:52","guid":{"rendered":"https:\/\/www.stadtteilverein.de\/?p=2554"},"modified":"2026-03-12T15:00:56","modified_gmt":"2026-03-12T14:00:56","slug":"fusswege-initiative-ziegelhausen","status":"publish","type":"post","link":"https:\/\/www.stadtteilverein.de\/index.php\/2026\/03\/12\/fusswege-initiative-ziegelhausen\/","title":{"rendered":"Fu\u00dfwege Initiative Ziegelhausen"},"content":{"rendered":"<div class=\"wpb-content-wrapper\"><p>[vc_row][vc_column]<div id=\"ultimate-heading-855769ef6800b5bad\" class=\"uvc-heading ult-adjust-bottom-margin ultimate-heading-855769ef6800b5bad uvc-8407 \" data-hspacer=\"no_spacer\"  data-halign=\"left\" style=\"text-align:left\"><div class=\"uvc-heading-spacer no_spacer\" style=\"top\"><\/div><div class=\"uvc-main-heading ult-responsive\"  data-ultimate-target='.uvc-heading.ultimate-heading-855769ef6800b5bad h2'  data-responsive-json-new='{\"font-size\":\"desktop:44px;\",\"line-height\":\"desktop:46px;\"}' ><h2 style=\"--font-weight:theme;color:#1E73BE;margin-bottom:15px;\">Fu\u00dfwege Initiative Ziegelhausen l\u00e4dt ein<\/h2><\/div><div class=\"uvc-sub-heading ult-responsive\"  data-ultimate-target='.uvc-heading.ultimate-heading-855769ef6800b5bad .uvc-sub-heading '  data-responsive-json-new='{\"font-size\":\"desktop:28px;\",\"line-height\":\"\"}'  style=\"font-weight:normal;color:#00000080;margin-bottom:25px;\">Januarspaziergang auf Treppenwegen &#8211; n\u00e4chstes Treffen am Samstag, 25. April<\/p>\n<p>&nbsp;<\/p>\n<p>&nbsp;<\/p>\n<p><\/div><\/div>[\/vc_column][\/vc_row][vc_row][vc_column width=&#8220;1\/2&#8243;][vc_column_text css=&#8220;&#8220;]Diesmal erkundeten wir zu zw\u00f6lft einige der Treppenwege \u2013 es ging von der Bushaltestelle an der Peterstaler Stra\u00dfe, aufw\u00e4rts \u00fcber den Moselbrunnenweg, wir querten dabei das Friedhofswegelchen. Schlussendlich sind wir bis zum Waldgrenzweg gekommen, wo zwei B\u00e4nke mit Blick auf die Pfalz auf uns gewartet haben und wir unsere Rast mit netten Gespr\u00e4chen verbringen konnten.<\/p>\n<p>So konnten wir dadurch vor allem die gro\u00dfe Schleife der Stra\u00dfe umgehen und die lange Treppe vom Moselbrunnenweg zum B\u00e4chenbuckel nehmen.<br \/>\nWir freuten uns \u00fcber die positive Entscheidung der Stadt \u00fcber die neue Beleuchtung des Treppenweges an zwei Stellen. Der Weg ist gut begehbar und hat einen Handlauf rechts und links. Der Einstieg ist erstmal wenig erkennbar, da er zwischen verschiedenen Grundst\u00fccken und \u00fcber Eck verl\u00e4uft. Es ist eine Abk\u00fcrzung von ca. 8 Minuten, und nur dem Ortskundigen bekannt.<\/p>\n<p>Der n\u00e4chste Treppenweg f\u00fchrt vom B\u00e4chenbuckel zum Klingenweg. Dieser beginnt in der Kurve von der Stra\u00dfe Moselsgrund und f\u00fchrt \u00fcber eine lange, breite Treppe bis zur n\u00e4chsten Stra\u00dfe, dem Ende des Klingenweges. Es ist eine wichtige Verbindung f\u00fcr die Fu\u00dfg\u00e4nger, die \u00fcber einen dreiviertel Kilometer an Ersparnis bringt. Dieser Treppenweg war f\u00fcr Viele eine positive \u00dcberraschung, da er breit und somit gut begehbar ist.<br \/>\nAls Feedback an die Stadt ist uns aufgefallen, dass die Handl\u00e4ufe an einigen Stellen durch Str\u00e4ucher zugewachsen sind.<\/p>\n<p style=\"text-align: left;\">Zu unserem n\u00e4chsten Spaziergang treffen wir uns am Samstag, 25. April, wie gewohnt um 10 Uhr an der Bushaltestelle Neckarschule und freuen uns \u00fcber alle Interessierten. Wir werden den Bachweg entlang durchs Steinbachtal gehen und die Treppenwege zum Waldrand am F\u00f6rster-Bronn-Weg hochsteigen. Dabei werden wir einige Verbesserungen erkunden, die die Stadt inzwischen f\u00fcr Fu\u00dfg\u00e4nger geschaffen hat. Abschlie\u00dfend ist ein gem\u00fctliches Beisammensein am K\u00f6pfelweg geplant.<\/p>\n<p style=\"text-align: right;\">Rose Schwalm, J\u00f6rg Sommer, Tobias St\u00e4dtler<\/p>\n<p>[\/vc_column_text][\/vc_column][vc_column width=&#8220;1\/2&#8243;][vc_single_image image=&#8220;2560&#8243; img_size=&#8220;full&#8220; css=&#8220;&#8220;][\/vc_column][\/vc_row]<\/p>\n<\/div>","protected":false},"excerpt":{"rendered":"<p>[vc_row][vc_column][\/vc_column][\/vc_row][vc_row][vc_column width=&#8220;1\/2&#8243;][vc_column_text css=&#8220;&#8220;]Diesmal erkundeten wir zu zw\u00f6lft einige der Treppenwege \u2013 es ging von der Bushaltestelle an der Peterstaler Stra\u00dfe, aufw\u00e4rts \u00fcber den Moselbrunnenweg, wir querten dabei das Friedhofswegelchen. Schlussendlich sind wir bis zum Waldgrenzweg gekommen, wo zwei B\u00e4nke mit Blick auf die Pfalz auf uns gewartet haben und wir unsere Rast mit netten Gespr\u00e4chen&hellip;<\/p>\n","protected":false},"author":1,"featured_media":2559,"comment_status":"closed","ping_status":"closed","sticky":false,"template":"","format":"standard","meta":{"footnotes":""},"categories":[51],"tags":[],"class_list":["post-2554","post","type-post","status-publish","format-standard","has-post-thumbnail","hentry","category-news","category-51","description-off"],"publishpress_future_action":{"enabled":false,"date":"2026-05-04 15:43:28","action":"change-status","newStatus":"draft","terms":[],"taxonomy":"category","extraData":[]},"publishpress_future_workflow_manual_trigger":{"enabledWorkflows":[]},"_links":{"self":[{"href":"https:\/\/www.stadtteilverein.de\/index.php\/wp-json\/wp\/v2\/posts\/2554","targetHints":{"allow":["GET"]}}],"collection":[{"href":"https:\/\/www.stadtteilverein.de\/index.php\/wp-json\/wp\/v2\/posts"}],"about":[{"href":"https:\/\/www.stadtteilverein.de\/index.php\/wp-json\/wp\/v2\/types\/post"}],"author":[{"embeddable":true,"href":"https:\/\/www.stadtteilverein.de\/index.php\/wp-json\/wp\/v2\/users\/1"}],"replies":[{"embeddable":true,"href":"https:\/\/www.stadtteilverein.de\/index.php\/wp-json\/wp\/v2\/comments?post=2554"}],"version-history":[{"count":5,"href":"https:\/\/www.stadtteilverein.de\/index.php\/wp-json\/wp\/v2\/posts\/2554\/revisions"}],"predecessor-version":[{"id":2561,"href":"https:\/\/www.stadtteilverein.de\/index.php\/wp-json\/wp\/v2\/posts\/2554\/revisions\/2561"}],"wp:featuredmedia":[{"embeddable":true,"href":"https:\/\/www.stadtteilverein.de\/index.php\/wp-json\/wp\/v2\/media\/2559"}],"wp:attachment":[{"href":"https:\/\/www.stadtteilverein.de\/index.php\/wp-json\/wp\/v2\/media?parent=2554"}],"wp:term":[{"taxonomy":"category","embeddable":true,"href":"https:\/\/www.stadtteilverein.de\/index.php\/wp-json\/wp\/v2\/categories?post=2554"},{"taxonomy":"post_tag","embeddable":true,"href":"https:\/\/www.stadtteilverein.de\/index.php\/wp-json\/wp\/v2\/tags?post=2554"}],"curies":[{"name":"wp","href":"https:\/\/api.w.org\/{rel}","templated":true}]}}